{"id":14642,"date":"2024-11-25T22:11:05","date_gmt":"2024-11-25T22:11:05","guid":{"rendered":"https:\/\/karlamanzanilla.com\/?p=14642"},"modified":"2024-11-26T17:29:05","modified_gmt":"2024-11-26T17:29:05","slug":"obsesion-por-la-delgadez-y-los-mitos-alrededor-de-los-cuerpos-una-reflexion-necesaria","status":"publish","type":"post","link":"https:\/\/karlamanzanilla.com\/en\/obsesion-por-la-delgadez-y-los-mitos-alrededor-de-los-cuerpos-una-reflexion-necesaria\/","title":{"rendered":"Obsesi\u00f3n por la delgadez y los mitos alrededor de los cuerpos: una reflexi\u00f3n necesaria"},"content":{"rendered":"<p>En nuestra serie \u00abQu\u00e9 hay detr\u00e1s de los Trastornos de la Conducta Alimentaria\u00bb, abordamos un tema crucial: la obsesi\u00f3n cultural por la delgadez y c\u00f3mo los mitos que la sostienen impactan nuestras decisiones y comportamientos. Este art\u00edculo busca desentra\u00f1ar esas creencias, entender su origen y explorar c\u00f3mo podemos desaprenderlas para construir una relaci\u00f3n m\u00e1s sana con nuestros cuerpos y la alimentaci\u00f3n.<\/p>\n\n\n\n<p>Las frases que alimentan el mito de la delgadez<\/p>\n\n\n\n<p><strong>\u201cQuiero bajar de peso por salud\u201d, \u201cNo puedo aceptar mi cuerpo\u201d, \u201cMi cuerpo ya no reacciona a las dietas\u201d<\/strong>. Estas son algunas de las frases que frecuentemente escuchamos en nuestra sociedad, y no solo de quienes enfrentan Trastornos de la Conducta Alimentaria (TCA), sino de personas consideradas \u00absanas\u00bb. Este lenguaje evidencia un problema profundo: nos han ense\u00f1ado, generaci\u00f3n tras generaci\u00f3n, que ser delgado es sin\u00f3nimo de \u00e9xito, belleza y bienestar.<\/p>\n\n\n\n<p>Pero, \u00bfqu\u00e9 hay detr\u00e1s de estas creencias? \u00bfPor qu\u00e9 ser delgado sigue siendo el ideal predominante? Para responder, es necesario explorar c\u00f3mo la cultura occidental ha perpetuado estos mitos a lo largo del tiempo.<\/p>\n\n\n\n<p><strong>El origen hist\u00f3rico de los prejuicios sobre el cuerpo<\/strong><\/p>\n\n\n\n<p>El rechazo hacia los cuerpos grandes no es una idea moderna. Como lo explica Sabrina Strings en su libro \u00abFearing the Black Body\u00bb, estas creencias tienen ra\u00edces profundas en el racismo. En el siglo XVIII, los cuerpos grandes eran vistos como s\u00edmbolo de opulencia y avaricia entre la aristocracia europea. M\u00e1s tarde, con la llegada de esclavos africanos, sus cuerpos fueron catalogados como \u00abdiferentes\u00bb y \u00abpecaminosos\u00bb, reforzando una narrativa discriminatoria que conectaba los cuerpos delgados con la virtud y los cuerpos grandes con la inmoralidad.<\/p>\n\n\n\n<p>Un caso emblem\u00e1tico es el de \u00abSarah Baartman\u00bb, una mujer africana que fue exhibida en Europa como una curiosidad por su f\u00edsico. Su historia revela c\u00f3mo los cuerpos considerados \u00abdiferentes\u00bb han sido objeto de escrutinio y rechazo durante siglos. Aunque hoy en d\u00eda no vivimos situaciones tan extremas, los prejuicios hacia los cuerpos grandes persisten, especialmente en redes sociales, donde estos cuerpos son atacados y juzgados constantemente.<\/p>\n\n\n\n<p><strong>El impacto de la obsesi\u00f3n por la delgadez<\/strong><\/p>\n\n\n\n<p>La idealizaci\u00f3n de la delgadez afecta profundamente nuestra relaci\u00f3n con nuestro cuerpo y la comida. Desde edades tempranas, muchas personas desarrollan una imagen corporal negativa que puede derivar en conductas extremas como dietas restrictivas, cirug\u00edas est\u00e9ticas y ejercicios compulsivos. Estudios han demostrado que ni\u00f1as desde los 9 a\u00f1os ya expresan el deseo de ser m\u00e1s delgadas, lo que genera un caldo de cultivo para trastornos alimentarios.<\/p>\n\n\n\n<p>Adem\u00e1s, la obsesi\u00f3n cultural con la delgadez se mezcla con presiones familiares y sociales. Comentarios aparentemente inofensivos, como \u00abte ves mejor m\u00e1s delgado\u00bb, pueden alimentar la inseguridad y los sentimientos de fracaso, perpetuando un ciclo destructivo. Incluso las personas \u00absanas\u00bb contribuyen, sin darse cuenta, a este problema con mensajes que refuerzan la moralizaci\u00f3n de la comida y el ejercicio.<\/p>\n\n\n\n<p><strong>Romantizaci\u00f3n de la aceptaci\u00f3n corporal: un mito m\u00e1s<\/strong><\/p>\n\n\n\n<p>Un argumento com\u00fan contra el movimiento de aceptaci\u00f3n corporal es que \u00abromantiza la gordura\u00bb. Pero esto no podr\u00eda estar m\u00e1s alejado de la realidad. La aceptaci\u00f3n no se trata de glorificar ning\u00fan tipo de cuerpo, sino de abrir los ojos a la diversidad corporal y fomentar el respeto.&nbsp;<\/p>\n\n\n\n<p>El cuerpo no necesita ser aplaudido, necesita ser normalizado. Si dejamos de juzgar a las personas por su apariencia y valoramos sus cualidades y valores, disminuir\u00edamos significativamente la culpa, la verg\u00fcenza y la discriminaci\u00f3n, generando un impacto positivo en la salud mental y f\u00edsica de la sociedad.<\/p>\n\n\n\n<p><strong>\u00bfC\u00f3mo salir de esta obsesi\u00f3n?<\/strong><\/p>\n\n\n\n<p>Superar la obsesi\u00f3n por la delgadez comienza con la reprogramaci\u00f3n de nuestras creencias. Aunque no podemos cambiar de inmediato las normas culturales, s\u00ed podemos transformar nuestro entorno cercano. Esto implica:<\/p>\n\n\n\n<p>1. Cuestionar nuestras creencias: Preg\u00fantate por qu\u00e9 valoras ciertos tipos de cuerpo y si esos pensamientos realmente reflejan tus propios valores o son ideas impuestas.<\/p>\n\n\n\n<p>2. Practicar la autocompasi\u00f3n: Aprende a ver tu cuerpo con neutralidad y amabilidad. No necesitas amar cada parte de ti para respetarte.<\/p>\n\n\n\n<p>3. Rechazar el lenguaje de la dieta: Evita caer en narrativas de control y restricci\u00f3n. En su lugar, busca un enfoque que fomente la conexi\u00f3n con tu cuerpo, respetando sus se\u00f1ales de hambre y saciedad.<\/p>\n\n\n\n<p>4. Crear comunidades de apoyo: Rod\u00e9ate de personas que respeten la diversidad corporal y promuevan una visi\u00f3n m\u00e1s inclusiva de la salud.<\/p>\n\n\n\n<p>El llamado final: construir un futuro m\u00e1s inclusivo<\/p>\n\n\n\n<p>La obsesi\u00f3n cultural por la delgadez no desaparecer\u00e1 de la noche a la ma\u00f1ana. Sin embargo, cada peque\u00f1a acci\u00f3n cuenta. Al retar nuestras creencias, cambiar nuestro lenguaje y educar a las pr\u00f3ximas generaciones, podemos avanzar hacia un mundo donde todos los cuerpos sean valorados por lo que son: \u00fanicos, v\u00e1lidos y dignos de respeto.<\/p>\n\n\n\n<p>Antes de cerrar, si este art\u00edculo reson\u00f3 contigo, comp\u00e1rtelo en tus redes sociales o con alguien que creas que puede beneficiarse. Juntos podemos iniciar esta conversaci\u00f3n y crear un impacto positivo. \u00a1Gracias por ser parte del cambio!<\/p>\n\n\n\n<p>Por cierto si te interes\u00f3 el art\u00edculo y quieres adentrarte m\u00e1s te invito a que veas el episodio completo en YouTube.<\/p>\n\n\n\n<figure class=\"wp-block-embed is-type-video is-provider-youtube wp-block-embed-youtube wp-embed-aspect-16-9 wp-has-aspect-ratio\"><div class=\"wp-block-embed__wrapper\">\n<iframe title=\"La obsesio\u0301n por la delgadez y mitos alrededor\" width=\"800\" height=\"450\" src=\"https:\/\/www.youtube.com\/embed\/aUovWw8rfro?feature=oembed\" frameborder=\"0\" allow=\"accelerometer; autoplay; clipboard-write; encrypted-media; gyroscope; picture-in-picture; web-share\" referrerpolicy=\"strict-origin-when-cross-origin\" allowfullscreen><\/iframe>\n<\/div><\/figure>\n\n\n\n<p>Karla Manzanilla<\/p>\n\n\n\n<p>Editor de estilo: Sergio Manzanilla<\/p>\n\n\n\n<p><\/p>","protected":false},"excerpt":{"rendered":"<p>En nuestra serie \u00abQu\u00e9 hay detr\u00e1s de los Trastornos de&hellip;<\/p>\n<p> <a class=\"more-link\" href=\"https:\/\/karlamanzanilla.com\/en\/obsesion-por-la-delgadez-y-los-mitos-alrededor-de-los-cuerpos-una-reflexion-necesaria\/\">Read more<\/a><\/p>","protected":false},"author":1,"featured_media":14645,"comment_status":"open","ping_status":"closed","sticky":false,"template":"","format":"standard","meta":{"footnotes":""},"categories":[1],"tags":[],"class_list":{"0":"post-14642","1":"post","2":"type-post","3":"status-publish","4":"format-standard","5":"has-post-thumbnail","7":"category-tca"},"yoast_head":"<!-- This site is optimized with the Yoast SEO plugin v27.3 - https:\/\/yoast.com\/product\/yoast-seo-wordpress\/ -->\n<title>Obsesi\u00f3n por la delgadez y los mitos alrededor de los cuerpos: una reflexi\u00f3n necesaria - Karla Manzanilla<\/title>\n<meta name=\"robots\" content=\"index, follow, max-snippet:-1, max-image-preview:large, max-video-preview:-1\" \/>\n<link rel=\"canonical\" href=\"https:\/\/karlamanzanilla.com\/en\/obsesion-por-la-delgadez-y-los-mitos-alrededor-de-los-cuerpos-una-reflexion-necesaria\/\" \/>\n<meta property=\"og:locale\" content=\"en_US\" \/>\n<meta property=\"og:type\" content=\"article\" \/>\n<meta property=\"og:title\" content=\"Obsesi\u00f3n por la delgadez y los mitos alrededor de los cuerpos: una reflexi\u00f3n necesaria - Karla Manzanilla\" \/>\n<meta property=\"og:description\" content=\"En nuestra serie \u00abQu\u00e9 hay detr\u00e1s de los Trastornos de&hellip;  Read more\" \/>\n<meta property=\"og:url\" content=\"https:\/\/karlamanzanilla.com\/en\/obsesion-por-la-delgadez-y-los-mitos-alrededor-de-los-cuerpos-una-reflexion-necesaria\/\" \/>\n<meta property=\"og:site_name\" content=\"Karla Manzanilla\" \/>\n<meta property=\"article:published_time\" content=\"2024-11-25T22:11:05+00:00\" \/>\n<meta property=\"article:modified_time\" content=\"2024-11-26T17:29:05+00:00\" \/>\n<meta property=\"og:image\" content=\"https:\/\/karlamanzanilla.com\/wp-content\/uploads\/2024\/11\/green-apple-orange-tape-measure-lie-glass-weighing-scales.jpg\" \/>\n\t<meta property=\"og:image:width\" content=\"1920\" \/>\n\t<meta property=\"og:image:height\" content=\"1280\" \/>\n\t<meta property=\"og:image:type\" content=\"image\/jpeg\" \/>\n<meta name=\"author\" content=\"admin\" \/>\n<meta name=\"twitter:card\" content=\"summary_large_image\" \/>\n<meta name=\"twitter:label1\" content=\"Written by\" \/>\n\t<meta name=\"twitter:data1\" content=\"admin\" \/>\n\t<meta name=\"twitter:label2\" content=\"Est. reading time\" \/>\n\t<meta name=\"twitter:data2\" content=\"5 minutes\" \/>\n<script type=\"application\/ld+json\" class=\"yoast-schema-graph\">{\"@context\":\"https:\\\/\\\/schema.org\",\"@graph\":[{\"@type\":\"Article\",\"@id\":\"https:\\\/\\\/karlamanzanilla.com\\\/obsesion-por-la-delgadez-y-los-mitos-alrededor-de-los-cuerpos-una-reflexion-necesaria\\\/#article\",\"isPartOf\":{\"@id\":\"https:\\\/\\\/karlamanzanilla.com\\\/obsesion-por-la-delgadez-y-los-mitos-alrededor-de-los-cuerpos-una-reflexion-necesaria\\\/\"},\"author\":{\"name\":\"admin\",\"@id\":\"https:\\\/\\\/karlamanzanilla.com\\\/#\\\/schema\\\/person\\\/bfe531cd33de192499427d82ff8ee49f\"},\"headline\":\"Obsesi\u00f3n por la delgadez y los mitos alrededor de los cuerpos: una reflexi\u00f3n necesaria\",\"datePublished\":\"2024-11-25T22:11:05+00:00\",\"dateModified\":\"2024-11-26T17:29:05+00:00\",\"mainEntityOfPage\":{\"@id\":\"https:\\\/\\\/karlamanzanilla.com\\\/obsesion-por-la-delgadez-y-los-mitos-alrededor-de-los-cuerpos-una-reflexion-necesaria\\\/\"},\"wordCount\":929,\"commentCount\":0,\"publisher\":{\"@id\":\"https:\\\/\\\/karlamanzanilla.com\\\/#\\\/schema\\\/person\\\/bfe531cd33de192499427d82ff8ee49f\"},\"image\":{\"@id\":\"https:\\\/\\\/karlamanzanilla.com\\\/obsesion-por-la-delgadez-y-los-mitos-alrededor-de-los-cuerpos-una-reflexion-necesaria\\\/#primaryimage\"},\"thumbnailUrl\":\"https:\\\/\\\/karlamanzanilla.com\\\/wp-content\\\/uploads\\\/2024\\\/11\\\/green-apple-orange-tape-measure-lie-glass-weighing-scales.jpg\",\"articleSection\":[\"TCA\"],\"inLanguage\":\"en-US\",\"potentialAction\":[{\"@type\":\"CommentAction\",\"name\":\"Comment\",\"target\":[\"https:\\\/\\\/karlamanzanilla.com\\\/obsesion-por-la-delgadez-y-los-mitos-alrededor-de-los-cuerpos-una-reflexion-necesaria\\\/#respond\"]}]},{\"@type\":\"WebPage\",\"@id\":\"https:\\\/\\\/karlamanzanilla.com\\\/obsesion-por-la-delgadez-y-los-mitos-alrededor-de-los-cuerpos-una-reflexion-necesaria\\\/\",\"url\":\"https:\\\/\\\/karlamanzanilla.com\\\/obsesion-por-la-delgadez-y-los-mitos-alrededor-de-los-cuerpos-una-reflexion-necesaria\\\/\",\"name\":\"Obsesi\u00f3n por la delgadez y los mitos alrededor de los cuerpos: una reflexi\u00f3n necesaria - Karla Manzanilla\",\"isPartOf\":{\"@id\":\"https:\\\/\\\/karlamanzanilla.com\\\/#website\"},\"primaryImageOfPage\":{\"@id\":\"https:\\\/\\\/karlamanzanilla.com\\\/obsesion-por-la-delgadez-y-los-mitos-alrededor-de-los-cuerpos-una-reflexion-necesaria\\\/#primaryimage\"},\"image\":{\"@id\":\"https:\\\/\\\/karlamanzanilla.com\\\/obsesion-por-la-delgadez-y-los-mitos-alrededor-de-los-cuerpos-una-reflexion-necesaria\\\/#primaryimage\"},\"thumbnailUrl\":\"https:\\\/\\\/karlamanzanilla.com\\\/wp-content\\\/uploads\\\/2024\\\/11\\\/green-apple-orange-tape-measure-lie-glass-weighing-scales.jpg\",\"datePublished\":\"2024-11-25T22:11:05+00:00\",\"dateModified\":\"2024-11-26T17:29:05+00:00\",\"breadcrumb\":{\"@id\":\"https:\\\/\\\/karlamanzanilla.com\\\/obsesion-por-la-delgadez-y-los-mitos-alrededor-de-los-cuerpos-una-reflexion-necesaria\\\/#breadcrumb\"},\"inLanguage\":\"en-US\",\"potentialAction\":[{\"@type\":\"ReadAction\",\"target\":[\"https:\\\/\\\/karlamanzanilla.com\\\/obsesion-por-la-delgadez-y-los-mitos-alrededor-de-los-cuerpos-una-reflexion-necesaria\\\/\"]}]},{\"@type\":\"ImageObject\",\"inLanguage\":\"en-US\",\"@id\":\"https:\\\/\\\/karlamanzanilla.com\\\/obsesion-por-la-delgadez-y-los-mitos-alrededor-de-los-cuerpos-una-reflexion-necesaria\\\/#primaryimage\",\"url\":\"https:\\\/\\\/karlamanzanilla.com\\\/wp-content\\\/uploads\\\/2024\\\/11\\\/green-apple-orange-tape-measure-lie-glass-weighing-scales.jpg\",\"contentUrl\":\"https:\\\/\\\/karlamanzanilla.com\\\/wp-content\\\/uploads\\\/2024\\\/11\\\/green-apple-orange-tape-measure-lie-glass-weighing-scales.jpg\",\"width\":1920,\"height\":1280,\"caption\":\"Green apple, orange tape-measure lie on glass weighing scales\"},{\"@type\":\"BreadcrumbList\",\"@id\":\"https:\\\/\\\/karlamanzanilla.com\\\/obsesion-por-la-delgadez-y-los-mitos-alrededor-de-los-cuerpos-una-reflexion-necesaria\\\/#breadcrumb\",\"itemListElement\":[{\"@type\":\"ListItem\",\"position\":1,\"name\":\"Portada\",\"item\":\"https:\\\/\\\/karlamanzanilla.com\\\/\"},{\"@type\":\"ListItem\",\"position\":2,\"name\":\"Obsesi\u00f3n por la delgadez y los mitos alrededor de los cuerpos: una reflexi\u00f3n necesaria\"}]},{\"@type\":\"WebSite\",\"@id\":\"https:\\\/\\\/karlamanzanilla.com\\\/#website\",\"url\":\"https:\\\/\\\/karlamanzanilla.com\\\/\",\"name\":\"Karla Manzanilla\",\"description\":\"Coaching de recuperaci\u00f3n de TCA\",\"publisher\":{\"@id\":\"https:\\\/\\\/karlamanzanilla.com\\\/#\\\/schema\\\/person\\\/bfe531cd33de192499427d82ff8ee49f\"},\"potentialAction\":[{\"@type\":\"SearchAction\",\"target\":{\"@type\":\"EntryPoint\",\"urlTemplate\":\"https:\\\/\\\/karlamanzanilla.com\\\/?s={search_term_string}\"},\"query-input\":{\"@type\":\"PropertyValueSpecification\",\"valueRequired\":true,\"valueName\":\"search_term_string\"}}],\"inLanguage\":\"en-US\"},{\"@type\":[\"Person\",\"Organization\"],\"@id\":\"https:\\\/\\\/karlamanzanilla.com\\\/#\\\/schema\\\/person\\\/bfe531cd33de192499427d82ff8ee49f\",\"name\":\"admin\",\"image\":{\"@type\":\"ImageObject\",\"inLanguage\":\"en-US\",\"@id\":\"https:\\\/\\\/karlamanzanilla.com\\\/wp-content\\\/uploads\\\/2024\\\/04\\\/cropped-logo-karla-1.png\",\"url\":\"https:\\\/\\\/karlamanzanilla.com\\\/wp-content\\\/uploads\\\/2024\\\/04\\\/cropped-logo-karla-1.png\",\"contentUrl\":\"https:\\\/\\\/karlamanzanilla.com\\\/wp-content\\\/uploads\\\/2024\\\/04\\\/cropped-logo-karla-1.png\",\"width\":1920,\"height\":652,\"caption\":\"admin\"},\"logo\":{\"@id\":\"https:\\\/\\\/karlamanzanilla.com\\\/wp-content\\\/uploads\\\/2024\\\/04\\\/cropped-logo-karla-1.png\"},\"sameAs\":[\"https:\\\/\\\/karlamanzanilla.com\"],\"url\":\"https:\\\/\\\/karlamanzanilla.com\\\/en\\\/author\\\/admin_km\\\/\"}]}<\/script>\n<!-- \/ Yoast SEO plugin. -->","yoast_head_json":{"title":"Obsesi\u00f3n por la delgadez y los mitos alrededor de los cuerpos: una reflexi\u00f3n necesaria - Karla Manzanilla","robots":{"index":"index","follow":"follow","max-snippet":"max-snippet:-1","max-image-preview":"max-image-preview:large","max-video-preview":"max-video-preview:-1"},"canonical":"https:\/\/karlamanzanilla.com\/en\/obsesion-por-la-delgadez-y-los-mitos-alrededor-de-los-cuerpos-una-reflexion-necesaria\/","og_locale":"en_US","og_type":"article","og_title":"Obsesi\u00f3n por la delgadez y los mitos alrededor de los cuerpos: una reflexi\u00f3n necesaria - Karla Manzanilla","og_description":"En nuestra serie \u00abQu\u00e9 hay detr\u00e1s de los Trastornos de&hellip;  Read more","og_url":"https:\/\/karlamanzanilla.com\/en\/obsesion-por-la-delgadez-y-los-mitos-alrededor-de-los-cuerpos-una-reflexion-necesaria\/","og_site_name":"Karla Manzanilla","article_published_time":"2024-11-25T22:11:05+00:00","article_modified_time":"2024-11-26T17:29:05+00:00","og_image":[{"width":1920,"height":1280,"url":"https:\/\/karlamanzanilla.com\/wp-content\/uploads\/2024\/11\/green-apple-orange-tape-measure-lie-glass-weighing-scales.jpg","type":"image\/jpeg"}],"author":"admin","twitter_card":"summary_large_image","twitter_misc":{"Written by":"admin","Est. reading time":"5 minutes"},"schema":{"@context":"https:\/\/schema.org","@graph":[{"@type":"Article","@id":"https:\/\/karlamanzanilla.com\/obsesion-por-la-delgadez-y-los-mitos-alrededor-de-los-cuerpos-una-reflexion-necesaria\/#article","isPartOf":{"@id":"https:\/\/karlamanzanilla.com\/obsesion-por-la-delgadez-y-los-mitos-alrededor-de-los-cuerpos-una-reflexion-necesaria\/"},"author":{"name":"admin","@id":"https:\/\/karlamanzanilla.com\/#\/schema\/person\/bfe531cd33de192499427d82ff8ee49f"},"headline":"Obsesi\u00f3n por la delgadez y los mitos alrededor de los cuerpos: una reflexi\u00f3n necesaria","datePublished":"2024-11-25T22:11:05+00:00","dateModified":"2024-11-26T17:29:05+00:00","mainEntityOfPage":{"@id":"https:\/\/karlamanzanilla.com\/obsesion-por-la-delgadez-y-los-mitos-alrededor-de-los-cuerpos-una-reflexion-necesaria\/"},"wordCount":929,"commentCount":0,"publisher":{"@id":"https:\/\/karlamanzanilla.com\/#\/schema\/person\/bfe531cd33de192499427d82ff8ee49f"},"image":{"@id":"https:\/\/karlamanzanilla.com\/obsesion-por-la-delgadez-y-los-mitos-alrededor-de-los-cuerpos-una-reflexion-necesaria\/#primaryimage"},"thumbnailUrl":"https:\/\/karlamanzanilla.com\/wp-content\/uploads\/2024\/11\/green-apple-orange-tape-measure-lie-glass-weighing-scales.jpg","articleSection":["TCA"],"inLanguage":"en-US","potentialAction":[{"@type":"CommentAction","name":"Comment","target":["https:\/\/karlamanzanilla.com\/obsesion-por-la-delgadez-y-los-mitos-alrededor-de-los-cuerpos-una-reflexion-necesaria\/#respond"]}]},{"@type":"WebPage","@id":"https:\/\/karlamanzanilla.com\/obsesion-por-la-delgadez-y-los-mitos-alrededor-de-los-cuerpos-una-reflexion-necesaria\/","url":"https:\/\/karlamanzanilla.com\/obsesion-por-la-delgadez-y-los-mitos-alrededor-de-los-cuerpos-una-reflexion-necesaria\/","name":"Obsesi\u00f3n por la delgadez y los mitos alrededor de los cuerpos: una reflexi\u00f3n necesaria - Karla Manzanilla","isPartOf":{"@id":"https:\/\/karlamanzanilla.com\/#website"},"primaryImageOfPage":{"@id":"https:\/\/karlamanzanilla.com\/obsesion-por-la-delgadez-y-los-mitos-alrededor-de-los-cuerpos-una-reflexion-necesaria\/#primaryimage"},"image":{"@id":"https:\/\/karlamanzanilla.com\/obsesion-por-la-delgadez-y-los-mitos-alrededor-de-los-cuerpos-una-reflexion-necesaria\/#primaryimage"},"thumbnailUrl":"https:\/\/karlamanzanilla.com\/wp-content\/uploads\/2024\/11\/green-apple-orange-tape-measure-lie-glass-weighing-scales.jpg","datePublished":"2024-11-25T22:11:05+00:00","dateModified":"2024-11-26T17:29:05+00:00","breadcrumb":{"@id":"https:\/\/karlamanzanilla.com\/obsesion-por-la-delgadez-y-los-mitos-alrededor-de-los-cuerpos-una-reflexion-necesaria\/#breadcrumb"},"inLanguage":"en-US","potentialAction":[{"@type":"ReadAction","target":["https:\/\/karlamanzanilla.com\/obsesion-por-la-delgadez-y-los-mitos-alrededor-de-los-cuerpos-una-reflexion-necesaria\/"]}]},{"@type":"ImageObject","inLanguage":"en-US","@id":"https:\/\/karlamanzanilla.com\/obsesion-por-la-delgadez-y-los-mitos-alrededor-de-los-cuerpos-una-reflexion-necesaria\/#primaryimage","url":"https:\/\/karlamanzanilla.com\/wp-content\/uploads\/2024\/11\/green-apple-orange-tape-measure-lie-glass-weighing-scales.jpg","contentUrl":"https:\/\/karlamanzanilla.com\/wp-content\/uploads\/2024\/11\/green-apple-orange-tape-measure-lie-glass-weighing-scales.jpg","width":1920,"height":1280,"caption":"Green apple, orange tape-measure lie on glass weighing scales"},{"@type":"BreadcrumbList","@id":"https:\/\/karlamanzanilla.com\/obsesion-por-la-delgadez-y-los-mitos-alrededor-de-los-cuerpos-una-reflexion-necesaria\/#breadcrumb","itemListElement":[{"@type":"ListItem","position":1,"name":"Portada","item":"https:\/\/karlamanzanilla.com\/"},{"@type":"ListItem","position":2,"name":"Obsesi\u00f3n por la delgadez y los mitos alrededor de los cuerpos: una reflexi\u00f3n necesaria"}]},{"@type":"WebSite","@id":"https:\/\/karlamanzanilla.com\/#website","url":"https:\/\/karlamanzanilla.com\/","name":"Karla Manzanilla","description":"Coaching de recuperaci\u00f3n de TCA","publisher":{"@id":"https:\/\/karlamanzanilla.com\/#\/schema\/person\/bfe531cd33de192499427d82ff8ee49f"},"potentialAction":[{"@type":"SearchAction","target":{"@type":"EntryPoint","urlTemplate":"https:\/\/karlamanzanilla.com\/?s={search_term_string}"},"query-input":{"@type":"PropertyValueSpecification","valueRequired":true,"valueName":"search_term_string"}}],"inLanguage":"en-US"},{"@type":["Person","Organization"],"@id":"https:\/\/karlamanzanilla.com\/#\/schema\/person\/bfe531cd33de192499427d82ff8ee49f","name":"admin","image":{"@type":"ImageObject","inLanguage":"en-US","@id":"https:\/\/karlamanzanilla.com\/wp-content\/uploads\/2024\/04\/cropped-logo-karla-1.png","url":"https:\/\/karlamanzanilla.com\/wp-content\/uploads\/2024\/04\/cropped-logo-karla-1.png","contentUrl":"https:\/\/karlamanzanilla.com\/wp-content\/uploads\/2024\/04\/cropped-logo-karla-1.png","width":1920,"height":652,"caption":"admin"},"logo":{"@id":"https:\/\/karlamanzanilla.com\/wp-content\/uploads\/2024\/04\/cropped-logo-karla-1.png"},"sameAs":["https:\/\/karlamanzanilla.com"],"url":"https:\/\/karlamanzanilla.com\/en\/author\/admin_km\/"}]}},"_links":{"self":[{"href":"https:\/\/karlamanzanilla.com\/en\/wp-json\/wp\/v2\/posts\/14642","targetHints":{"allow":["GET"]}}],"collection":[{"href":"https:\/\/karlamanzanilla.com\/en\/wp-json\/wp\/v2\/posts"}],"about":[{"href":"https:\/\/karlamanzanilla.com\/en\/wp-json\/wp\/v2\/types\/post"}],"author":[{"embeddable":true,"href":"https:\/\/karlamanzanilla.com\/en\/wp-json\/wp\/v2\/users\/1"}],"replies":[{"embeddable":true,"href":"https:\/\/karlamanzanilla.com\/en\/wp-json\/wp\/v2\/comments?post=14642"}],"version-history":[{"count":2,"href":"https:\/\/karlamanzanilla.com\/en\/wp-json\/wp\/v2\/posts\/14642\/revisions"}],"predecessor-version":[{"id":14647,"href":"https:\/\/karlamanzanilla.com\/en\/wp-json\/wp\/v2\/posts\/14642\/revisions\/14647"}],"wp:featuredmedia":[{"embeddable":true,"href":"https:\/\/karlamanzanilla.com\/en\/wp-json\/wp\/v2\/media\/14645"}],"wp:attachment":[{"href":"https:\/\/karlamanzanilla.com\/en\/wp-json\/wp\/v2\/media?parent=14642"}],"wp:term":[{"taxonomy":"category","embeddable":true,"href":"https:\/\/karlamanzanilla.com\/en\/wp-json\/wp\/v2\/categories?post=14642"},{"taxonomy":"post_tag","embeddable":true,"href":"https:\/\/karlamanzanilla.com\/en\/wp-json\/wp\/v2\/tags?post=14642"}],"curies":[{"name":"wp","href":"https:\/\/api.w.org\/{rel}","templated":true}]}}