{"id":14620,"date":"2024-11-04T23:31:38","date_gmt":"2024-11-04T23:31:38","guid":{"rendered":"https:\/\/karlamanzanilla.com\/?p=14620"},"modified":"2024-11-05T18:40:12","modified_gmt":"2024-11-05T18:40:12","slug":"como-el-trauma-afecta-la-relacion-con-el-cuerpo-y-la-alimentacion","status":"publish","type":"post","link":"https:\/\/karlamanzanilla.com\/en\/como-el-trauma-afecta-la-relacion-con-el-cuerpo-y-la-alimentacion\/","title":{"rendered":"Como el Trauma Afecta la Relaci\u00f3n con el Cuerpo y la Alimentaci\u00f3n"},"content":{"rendered":"<p>Para quienes han vivido abuso sexual, sobre todo en la infancia o adolescencia, las cicatrices emocionales van mucho m\u00e1s all\u00e1 del momento de la experiencia. Estas vivencias afectan no solo la forma en que una persona se siente con respecto a su cuerpo, sino tambi\u00e9n su relaci\u00f3n con la comida, su salud mental y su vida diaria. No es raro que el trauma termine reflej\u00e1ndose en trastornos alimenticios como la anorexia, la bulimia o el trastorno por atrac\u00f3n, ya que estas conductas se convierten en una forma de afrontar o intentar controlar las emociones dif\u00edciles de procesar.<\/p>\n\n\n\n<p class=\"has-black-color has-cyan-bluish-gray-background-color has-text-color has-background has-link-color wp-elements-c3a63cd376abceaeddf1b1918ab83bf9\"><strong>La Relaci\u00f3n entre el Abuso Sexual y los Trastornos Alimentarios<\/strong><\/p>\n\n\n\n<p>El abuso sexual deja a muchas personas con sentimientos de verg\u00fcenza, culpa y una desconexi\u00f3n profunda con su propio cuerpo. Estos sentimientos pueden crecer hasta el punto en que controlar lo que comen, cu\u00e1nto comen o c\u00f3mo se sienten con su cuerpo parece ser la \u00fanica manera de \u201cmanejar\u201d lo que est\u00e1n sintiendo. Esto puede llevar a desarrollar patrones destructivos, como restringir la alimentaci\u00f3n (anorexia), darse atracones para calmar emociones intensas, o purgarse para aliviar la culpa y verg\u00fcenza. En estos casos, los problemas de alimentaci\u00f3n son mucho m\u00e1s que una simple preocupaci\u00f3n por la comida; son mecanismos de defensa frente al dolor emocional.<\/p>\n\n\n\n<p class=\"has-cyan-bluish-gray-background-color has-background\"><strong>\u00bfPor qu\u00e9 aparecen estos Trastornos?<\/strong><\/p>\n\n\n\n<p>Cuando alguien ha pasado por un trauma como el abuso, puede que ya no se sienta en control de su cuerpo, y que incluso sienta una especie de desconexi\u00f3n o rechazo hacia \u00e9l. Para algunos, esto se traduce en querer \u201ccastigar\u201d al cuerpo o cambiarlo, como una forma de compensar o, en algunos casos, hasta de borrar lo que ocurri\u00f3. Otros pueden experimentar un deseo de \u201climpiarse\u201d del dolor y la verg\u00fcenza, y recurren a purgas o a restringir sus alimentos. Esta relaci\u00f3n negativa con el cuerpo y la comida se enmarca en un ciclo muy doloroso donde la persona lucha constantemente con su autoestima, buscando alivio en conductas que, aunque destructivas, parecen ser la \u00fanica manera de lidiar con lo que sienten.<\/p>\n\n\n\n<p class=\"has-cyan-bluish-gray-background-color has-background\"><strong>La Influencia de la Sociedad y la Cultura de la Dieta<\/strong><\/p>\n\n\n\n<p>Vivimos en una sociedad que constantemente manda mensajes sobre c\u00f3mo \u201cdeber\u00eda\u201d verse el cuerpo. Para alguien que ha pasado por abuso, estos mensajes pueden hacer que sus inseguridades se magnifiquen a\u00fan m\u00e1s. La idea de que un cuerpo \u201cperfecto\u201d es igual a felicidad o valor propio puede llevar a buscar el control mediante la alimentaci\u00f3n o el ejercicio, intentando cumplir con esos est\u00e1ndares como una forma de encontrar validaci\u00f3n. Sin embargo, esto solo refuerza el ciclo de verg\u00fcenza y autocr\u00edtica.<\/p>\n\n\n\n<p class=\"has-cyan-bluish-gray-background-color has-background\"><strong>Apoyo y Recuperaci\u00f3n: \u00bfQu\u00e9 Puede Hacer la Diferencia?<\/strong><\/p>\n\n\n\n<p>La buena noticia es que el camino hacia la recuperaci\u00f3n es posible. Sanar no significa solo cambiar h\u00e1bitos de alimentaci\u00f3n, sino tambi\u00e9n trabajar en las emociones y en los recuerdos que est\u00e1n detr\u00e1s de estos patrones. Es importante que los sobrevivientes de abuso reciban apoyo integral, que no solo aborde el trastorno alimenticio, sino tambi\u00e9n las cicatrices emocionales del trauma. Aqu\u00ed, la terapia puede ser una herramienta clave: los enfoques terap\u00e9uticos centrados en el trauma ayudan a que las personas aprendan a reconectar con su cuerpo y a verlo como un aliado, no como un enemigo.<\/p>\n\n\n\n<p>Adem\u00e1s de la terapia, es fundamental rodearse de personas que comprendan y apoyen el proceso. La recuperaci\u00f3n no es lineal ni r\u00e1pida; es un camino que tiene altos y bajos, y se beneficia de tener un entorno seguro y emp\u00e1tico.<\/p>\n\n\n\n<p class=\"has-cyan-bluish-gray-background-color has-background\"><strong>El Camino hacia la Sanaci\u00f3n<\/strong><\/p>\n\n\n\n<p>Para quienes est\u00e1n en este proceso, recordar que el cuerpo es un aliado puede ser un cambio poderoso. La sanaci\u00f3n implica aprender a escuchar y respetar al cuerpo, confiando en que est\u00e1 ah\u00ed para sostenernos. Esto significa tambi\u00e9n aprender a perdonarse y liberarse de la culpa y la verg\u00fcenza que el abuso pudo haber causado. A medida que se avanza en la recuperaci\u00f3n, muchas personas encuentran que lo que antes ve\u00edan como un ciclo interminable de dolor se convierte en una oportunidad para reencontrarse y descubrir nuevas formas de cuidarse y amarse.<\/p>\n\n\n\n<p class=\"has-cyan-bluish-gray-background-color has-background\"><strong>La Importancia de la Esperanza y la Compasi\u00f3n Propia<\/strong><\/p>\n\n\n\n<p>La recuperaci\u00f3n de un trastorno alimentario y de un trauma pasado no es un camino f\u00e1cil, pero cada paso es una muestra de valent\u00eda y fuerza. Para quienes enfrentan estos desaf\u00edos, recordar que la sanaci\u00f3n es posible y que el apoyo est\u00e1 disponible es un mensaje crucial. No se trata solo de trabajar en la relaci\u00f3n con la comida, sino de reconstruir el amor propio y el respeto hacia uno mismo. Con paciencia, ayuda y mucha compasi\u00f3n, el cuerpo puede volver a sentirse como un lugar seguro, y la vida puede volver a ser disfrutada plenamente.<\/p>\n\n\n\n<p>Te invito a que veas el episodio sobre este tema en mi canal de YouTube. Te dejo la liga aqu\u00ed abajo<\/p>\n\n\n<div class=\"wp-block-image\">\n<figure class=\"aligncenter size-large is-resized\"><img fetchpriority=\"high\" decoding=\"async\" width=\"1024\" height=\"1024\" src=\"https:\/\/karlamanzanilla.com\/wp-content\/uploads\/2024\/11\/Episodio-61-La-Relacion-de-los-Trastornos-de-la-Conducta-Alimentaria-con-Psic.-Laila-Gantus-Primera-Parte-2-1024x1024.jpg\" alt=\"\" class=\"wp-image-14628\" style=\"width:378px;height:auto\" srcset=\"https:\/\/karlamanzanilla.com\/wp-content\/uploads\/2024\/11\/Episodio-61-La-Relacion-de-los-Trastornos-de-la-Conducta-Alimentaria-con-Psic.-Laila-Gantus-Primera-Parte-2-1024x1024.jpg 1024w, https:\/\/karlamanzanilla.com\/wp-content\/uploads\/2024\/11\/Episodio-61-La-Relacion-de-los-Trastornos-de-la-Conducta-Alimentaria-con-Psic.-Laila-Gantus-Primera-Parte-2-300x300.jpg 300w, https:\/\/karlamanzanilla.com\/wp-content\/uploads\/2024\/11\/Episodio-61-La-Relacion-de-los-Trastornos-de-la-Conducta-Alimentaria-con-Psic.-Laila-Gantus-Primera-Parte-2-150x150.jpg 150w, https:\/\/karlamanzanilla.com\/wp-content\/uploads\/2024\/11\/Episodio-61-La-Relacion-de-los-Trastornos-de-la-Conducta-Alimentaria-con-Psic.-Laila-Gantus-Primera-Parte-2-768x768.jpg 768w, https:\/\/karlamanzanilla.com\/wp-content\/uploads\/2024\/11\/Episodio-61-La-Relacion-de-los-Trastornos-de-la-Conducta-Alimentaria-con-Psic.-Laila-Gantus-Primera-Parte-2.jpg 1080w\" sizes=\"(max-width: 1024px) 100vw, 1024px\" \/><figcaption class=\"wp-element-caption\"><a href=\"https:\/\/youtu.be\/qLoTeTRhJ1k?si=BsiDHAf7QjYx0Zwq\">https:\/\/youtu.be\/qLoTeTRhJ1k?si=BsiDHAf7QjYx0Zwq<\/a><\/figcaption><\/figure>\n<\/div>\n\n\n<p>Saludos Karla Manzanilla<\/p>\n\n\n\n<p>Correcci\u00f3n de estilo y redacci\u00f3n. Sergio Manzanilla<\/p>\n\n\n\n<p><\/p>","protected":false},"excerpt":{"rendered":"<p>Para quienes han vivido abuso sexual, sobre todo en la&hellip;<\/p>\n<p> <a class=\"more-link\" href=\"https:\/\/karlamanzanilla.com\/en\/como-el-trauma-afecta-la-relacion-con-el-cuerpo-y-la-alimentacion\/\">Read more<\/a><\/p>","protected":false},"author":1,"featured_media":14622,"comment_status":"open","ping_status":"closed","sticky":false,"template":"","format":"standard","meta":{"footnotes":""},"categories":[54],"tags":[55,36,38,37,30,51],"class_list":{"0":"post-14620","1":"post","2":"type-post","3":"status-publish","4":"format-standard","5":"has-post-thumbnail","7":"category-cuerpo","8":"tag-abuso-sexual","9":"tag-anorexia","10":"tag-atracon","11":"tag-bulimia","12":"tag-coaching-de-recuperacion-en-los-transtornos-de-la-conducta-alimentaria","13":"tag-trauma"},"yoast_head":"<!-- This site is optimized with the Yoast SEO plugin v27.3 - https:\/\/yoast.com\/product\/yoast-seo-wordpress\/ -->\n<title>Como el Trauma Afecta la Relaci\u00f3n con el Cuerpo y la Alimentaci\u00f3n - Karla Manzanilla<\/title>\n<meta name=\"description\" content=\"Explora la conexi\u00f3n entre el abuso sexual y los trastornos alimentarios, c\u00f3mo el trauma impacta la relaci\u00f3n con el cuerpo y la comida, y la importancia de un apoyo emocional integral para la recuperaci\u00f3n. Conoce m\u00e1s sobre las heridas emocionales y los caminos hacia la sanaci\u00f3n en un enfoque compasivo y empoderador\" \/>\n<meta name=\"robots\" content=\"index, follow, max-snippet:-1, max-image-preview:large, max-video-preview:-1\" \/>\n<link rel=\"canonical\" href=\"https:\/\/karlamanzanilla.com\/en\/como-el-trauma-afecta-la-relacion-con-el-cuerpo-y-la-alimentacion\/\" \/>\n<meta property=\"og:locale\" content=\"en_US\" \/>\n<meta property=\"og:type\" content=\"article\" \/>\n<meta property=\"og:title\" content=\"Como el Trauma Afecta la Relaci\u00f3n con el Cuerpo y la Alimentaci\u00f3n - Karla Manzanilla\" \/>\n<meta property=\"og:description\" content=\"Explora la conexi\u00f3n entre el abuso sexual y los trastornos alimentarios, c\u00f3mo el trauma impacta la relaci\u00f3n con el cuerpo y la comida, y la importancia de un apoyo emocional integral para la recuperaci\u00f3n. Conoce m\u00e1s sobre las heridas emocionales y los caminos hacia la sanaci\u00f3n en un enfoque compasivo y empoderador\" \/>\n<meta property=\"og:url\" content=\"https:\/\/karlamanzanilla.com\/en\/como-el-trauma-afecta-la-relacion-con-el-cuerpo-y-la-alimentacion\/\" \/>\n<meta property=\"og:site_name\" content=\"Karla Manzanilla\" \/>\n<meta property=\"article:published_time\" content=\"2024-11-04T23:31:38+00:00\" \/>\n<meta property=\"article:modified_time\" content=\"2024-11-05T18:40:12+00:00\" \/>\n<meta property=\"og:image\" content=\"https:\/\/karlamanzanilla.com\/wp-content\/uploads\/2024\/11\/4015519.jpg\" \/>\n\t<meta property=\"og:image:width\" content=\"1920\" \/>\n\t<meta property=\"og:image:height\" content=\"1920\" \/>\n\t<meta property=\"og:image:type\" content=\"image\/jpeg\" \/>\n<meta name=\"author\" content=\"admin\" \/>\n<meta name=\"twitter:card\" content=\"summary_large_image\" \/>\n<meta name=\"twitter:label1\" content=\"Written by\" \/>\n\t<meta name=\"twitter:data1\" content=\"admin\" \/>\n\t<meta name=\"twitter:label2\" content=\"Est. reading time\" \/>\n\t<meta name=\"twitter:data2\" content=\"5 minutes\" \/>\n<script type=\"application\/ld+json\" class=\"yoast-schema-graph\">{\"@context\":\"https:\\\/\\\/schema.org\",\"@graph\":[{\"@type\":\"Article\",\"@id\":\"https:\\\/\\\/karlamanzanilla.com\\\/como-el-trauma-afecta-la-relacion-con-el-cuerpo-y-la-alimentacion\\\/#article\",\"isPartOf\":{\"@id\":\"https:\\\/\\\/karlamanzanilla.com\\\/como-el-trauma-afecta-la-relacion-con-el-cuerpo-y-la-alimentacion\\\/\"},\"author\":{\"name\":\"admin\",\"@id\":\"https:\\\/\\\/karlamanzanilla.com\\\/#\\\/schema\\\/person\\\/bfe531cd33de192499427d82ff8ee49f\"},\"headline\":\"Como el Trauma Afecta la Relaci\u00f3n con el Cuerpo y la Alimentaci\u00f3n\",\"datePublished\":\"2024-11-04T23:31:38+00:00\",\"dateModified\":\"2024-11-05T18:40:12+00:00\",\"mainEntityOfPage\":{\"@id\":\"https:\\\/\\\/karlamanzanilla.com\\\/como-el-trauma-afecta-la-relacion-con-el-cuerpo-y-la-alimentacion\\\/\"},\"wordCount\":889,\"commentCount\":0,\"publisher\":{\"@id\":\"https:\\\/\\\/karlamanzanilla.com\\\/#\\\/schema\\\/person\\\/bfe531cd33de192499427d82ff8ee49f\"},\"image\":{\"@id\":\"https:\\\/\\\/karlamanzanilla.com\\\/como-el-trauma-afecta-la-relacion-con-el-cuerpo-y-la-alimentacion\\\/#primaryimage\"},\"thumbnailUrl\":\"https:\\\/\\\/karlamanzanilla.com\\\/wp-content\\\/uploads\\\/2024\\\/11\\\/4015519.jpg\",\"keywords\":[\"abuso sexual\",\"Anorexia\",\"atracon\",\"Bulimia\",\"Coaching de recuperaci\u00f3n en los Transtornos de la Conducta Alimentaria\",\"trauma\"],\"articleSection\":[\"Cuerpo\"],\"inLanguage\":\"en-US\",\"potentialAction\":[{\"@type\":\"CommentAction\",\"name\":\"Comment\",\"target\":[\"https:\\\/\\\/karlamanzanilla.com\\\/como-el-trauma-afecta-la-relacion-con-el-cuerpo-y-la-alimentacion\\\/#respond\"]}]},{\"@type\":\"WebPage\",\"@id\":\"https:\\\/\\\/karlamanzanilla.com\\\/como-el-trauma-afecta-la-relacion-con-el-cuerpo-y-la-alimentacion\\\/\",\"url\":\"https:\\\/\\\/karlamanzanilla.com\\\/como-el-trauma-afecta-la-relacion-con-el-cuerpo-y-la-alimentacion\\\/\",\"name\":\"Como el Trauma Afecta la Relaci\u00f3n con el Cuerpo y la Alimentaci\u00f3n - Karla Manzanilla\",\"isPartOf\":{\"@id\":\"https:\\\/\\\/karlamanzanilla.com\\\/#website\"},\"primaryImageOfPage\":{\"@id\":\"https:\\\/\\\/karlamanzanilla.com\\\/como-el-trauma-afecta-la-relacion-con-el-cuerpo-y-la-alimentacion\\\/#primaryimage\"},\"image\":{\"@id\":\"https:\\\/\\\/karlamanzanilla.com\\\/como-el-trauma-afecta-la-relacion-con-el-cuerpo-y-la-alimentacion\\\/#primaryimage\"},\"thumbnailUrl\":\"https:\\\/\\\/karlamanzanilla.com\\\/wp-content\\\/uploads\\\/2024\\\/11\\\/4015519.jpg\",\"datePublished\":\"2024-11-04T23:31:38+00:00\",\"dateModified\":\"2024-11-05T18:40:12+00:00\",\"description\":\"Explora la conexi\u00f3n entre el abuso sexual y los trastornos alimentarios, c\u00f3mo el trauma impacta la relaci\u00f3n con el cuerpo y la comida, y la importancia de un apoyo emocional integral para la recuperaci\u00f3n. Conoce m\u00e1s sobre las heridas emocionales y los caminos hacia la sanaci\u00f3n en un enfoque compasivo y empoderador\",\"breadcrumb\":{\"@id\":\"https:\\\/\\\/karlamanzanilla.com\\\/como-el-trauma-afecta-la-relacion-con-el-cuerpo-y-la-alimentacion\\\/#breadcrumb\"},\"inLanguage\":\"en-US\",\"potentialAction\":[{\"@type\":\"ReadAction\",\"target\":[\"https:\\\/\\\/karlamanzanilla.com\\\/como-el-trauma-afecta-la-relacion-con-el-cuerpo-y-la-alimentacion\\\/\"]}]},{\"@type\":\"ImageObject\",\"inLanguage\":\"en-US\",\"@id\":\"https:\\\/\\\/karlamanzanilla.com\\\/como-el-trauma-afecta-la-relacion-con-el-cuerpo-y-la-alimentacion\\\/#primaryimage\",\"url\":\"https:\\\/\\\/karlamanzanilla.com\\\/wp-content\\\/uploads\\\/2024\\\/11\\\/4015519.jpg\",\"contentUrl\":\"https:\\\/\\\/karlamanzanilla.com\\\/wp-content\\\/uploads\\\/2024\\\/11\\\/4015519.jpg\",\"width\":1920,\"height\":1920},{\"@type\":\"BreadcrumbList\",\"@id\":\"https:\\\/\\\/karlamanzanilla.com\\\/como-el-trauma-afecta-la-relacion-con-el-cuerpo-y-la-alimentacion\\\/#breadcrumb\",\"itemListElement\":[{\"@type\":\"ListItem\",\"position\":1,\"name\":\"Portada\",\"item\":\"https:\\\/\\\/karlamanzanilla.com\\\/\"},{\"@type\":\"ListItem\",\"position\":2,\"name\":\"Como el Trauma Afecta la Relaci\u00f3n con el Cuerpo y la Alimentaci\u00f3n\"}]},{\"@type\":\"WebSite\",\"@id\":\"https:\\\/\\\/karlamanzanilla.com\\\/#website\",\"url\":\"https:\\\/\\\/karlamanzanilla.com\\\/\",\"name\":\"Karla Manzanilla\",\"description\":\"Coaching de recuperaci\u00f3n de TCA\",\"publisher\":{\"@id\":\"https:\\\/\\\/karlamanzanilla.com\\\/#\\\/schema\\\/person\\\/bfe531cd33de192499427d82ff8ee49f\"},\"potentialAction\":[{\"@type\":\"SearchAction\",\"target\":{\"@type\":\"EntryPoint\",\"urlTemplate\":\"https:\\\/\\\/karlamanzanilla.com\\\/?s={search_term_string}\"},\"query-input\":{\"@type\":\"PropertyValueSpecification\",\"valueRequired\":true,\"valueName\":\"search_term_string\"}}],\"inLanguage\":\"en-US\"},{\"@type\":[\"Person\",\"Organization\"],\"@id\":\"https:\\\/\\\/karlamanzanilla.com\\\/#\\\/schema\\\/person\\\/bfe531cd33de192499427d82ff8ee49f\",\"name\":\"admin\",\"image\":{\"@type\":\"ImageObject\",\"inLanguage\":\"en-US\",\"@id\":\"https:\\\/\\\/karlamanzanilla.com\\\/wp-content\\\/uploads\\\/2024\\\/04\\\/cropped-logo-karla-1.png\",\"url\":\"https:\\\/\\\/karlamanzanilla.com\\\/wp-content\\\/uploads\\\/2024\\\/04\\\/cropped-logo-karla-1.png\",\"contentUrl\":\"https:\\\/\\\/karlamanzanilla.com\\\/wp-content\\\/uploads\\\/2024\\\/04\\\/cropped-logo-karla-1.png\",\"width\":1920,\"height\":652,\"caption\":\"admin\"},\"logo\":{\"@id\":\"https:\\\/\\\/karlamanzanilla.com\\\/wp-content\\\/uploads\\\/2024\\\/04\\\/cropped-logo-karla-1.png\"},\"sameAs\":[\"https:\\\/\\\/karlamanzanilla.com\"],\"url\":\"https:\\\/\\\/karlamanzanilla.com\\\/en\\\/author\\\/admin_km\\\/\"}]}<\/script>\n<!-- \/ Yoast SEO plugin. -->","yoast_head_json":{"title":"Como el Trauma Afecta la Relaci\u00f3n con el Cuerpo y la Alimentaci\u00f3n - Karla Manzanilla","description":"Explora la conexi\u00f3n entre el abuso sexual y los trastornos alimentarios, c\u00f3mo el trauma impacta la relaci\u00f3n con el cuerpo y la comida, y la importancia de un apoyo emocional integral para la recuperaci\u00f3n. Conoce m\u00e1s sobre las heridas emocionales y los caminos hacia la sanaci\u00f3n en un enfoque compasivo y empoderador","robots":{"index":"index","follow":"follow","max-snippet":"max-snippet:-1","max-image-preview":"max-image-preview:large","max-video-preview":"max-video-preview:-1"},"canonical":"https:\/\/karlamanzanilla.com\/en\/como-el-trauma-afecta-la-relacion-con-el-cuerpo-y-la-alimentacion\/","og_locale":"en_US","og_type":"article","og_title":"Como el Trauma Afecta la Relaci\u00f3n con el Cuerpo y la Alimentaci\u00f3n - Karla Manzanilla","og_description":"Explora la conexi\u00f3n entre el abuso sexual y los trastornos alimentarios, c\u00f3mo el trauma impacta la relaci\u00f3n con el cuerpo y la comida, y la importancia de un apoyo emocional integral para la recuperaci\u00f3n. Conoce m\u00e1s sobre las heridas emocionales y los caminos hacia la sanaci\u00f3n en un enfoque compasivo y empoderador","og_url":"https:\/\/karlamanzanilla.com\/en\/como-el-trauma-afecta-la-relacion-con-el-cuerpo-y-la-alimentacion\/","og_site_name":"Karla Manzanilla","article_published_time":"2024-11-04T23:31:38+00:00","article_modified_time":"2024-11-05T18:40:12+00:00","og_image":[{"width":1920,"height":1920,"url":"https:\/\/karlamanzanilla.com\/wp-content\/uploads\/2024\/11\/4015519.jpg","type":"image\/jpeg"}],"author":"admin","twitter_card":"summary_large_image","twitter_misc":{"Written by":"admin","Est. reading time":"5 minutes"},"schema":{"@context":"https:\/\/schema.org","@graph":[{"@type":"Article","@id":"https:\/\/karlamanzanilla.com\/como-el-trauma-afecta-la-relacion-con-el-cuerpo-y-la-alimentacion\/#article","isPartOf":{"@id":"https:\/\/karlamanzanilla.com\/como-el-trauma-afecta-la-relacion-con-el-cuerpo-y-la-alimentacion\/"},"author":{"name":"admin","@id":"https:\/\/karlamanzanilla.com\/#\/schema\/person\/bfe531cd33de192499427d82ff8ee49f"},"headline":"Como el Trauma Afecta la Relaci\u00f3n con el Cuerpo y la Alimentaci\u00f3n","datePublished":"2024-11-04T23:31:38+00:00","dateModified":"2024-11-05T18:40:12+00:00","mainEntityOfPage":{"@id":"https:\/\/karlamanzanilla.com\/como-el-trauma-afecta-la-relacion-con-el-cuerpo-y-la-alimentacion\/"},"wordCount":889,"commentCount":0,"publisher":{"@id":"https:\/\/karlamanzanilla.com\/#\/schema\/person\/bfe531cd33de192499427d82ff8ee49f"},"image":{"@id":"https:\/\/karlamanzanilla.com\/como-el-trauma-afecta-la-relacion-con-el-cuerpo-y-la-alimentacion\/#primaryimage"},"thumbnailUrl":"https:\/\/karlamanzanilla.com\/wp-content\/uploads\/2024\/11\/4015519.jpg","keywords":["abuso sexual","Anorexia","atracon","Bulimia","Coaching de recuperaci\u00f3n en los Transtornos de la Conducta Alimentaria","trauma"],"articleSection":["Cuerpo"],"inLanguage":"en-US","potentialAction":[{"@type":"CommentAction","name":"Comment","target":["https:\/\/karlamanzanilla.com\/como-el-trauma-afecta-la-relacion-con-el-cuerpo-y-la-alimentacion\/#respond"]}]},{"@type":"WebPage","@id":"https:\/\/karlamanzanilla.com\/como-el-trauma-afecta-la-relacion-con-el-cuerpo-y-la-alimentacion\/","url":"https:\/\/karlamanzanilla.com\/como-el-trauma-afecta-la-relacion-con-el-cuerpo-y-la-alimentacion\/","name":"Como el Trauma Afecta la Relaci\u00f3n con el Cuerpo y la Alimentaci\u00f3n - Karla Manzanilla","isPartOf":{"@id":"https:\/\/karlamanzanilla.com\/#website"},"primaryImageOfPage":{"@id":"https:\/\/karlamanzanilla.com\/como-el-trauma-afecta-la-relacion-con-el-cuerpo-y-la-alimentacion\/#primaryimage"},"image":{"@id":"https:\/\/karlamanzanilla.com\/como-el-trauma-afecta-la-relacion-con-el-cuerpo-y-la-alimentacion\/#primaryimage"},"thumbnailUrl":"https:\/\/karlamanzanilla.com\/wp-content\/uploads\/2024\/11\/4015519.jpg","datePublished":"2024-11-04T23:31:38+00:00","dateModified":"2024-11-05T18:40:12+00:00","description":"Explora la conexi\u00f3n entre el abuso sexual y los trastornos alimentarios, c\u00f3mo el trauma impacta la relaci\u00f3n con el cuerpo y la comida, y la importancia de un apoyo emocional integral para la recuperaci\u00f3n. Conoce m\u00e1s sobre las heridas emocionales y los caminos hacia la sanaci\u00f3n en un enfoque compasivo y empoderador","breadcrumb":{"@id":"https:\/\/karlamanzanilla.com\/como-el-trauma-afecta-la-relacion-con-el-cuerpo-y-la-alimentacion\/#breadcrumb"},"inLanguage":"en-US","potentialAction":[{"@type":"ReadAction","target":["https:\/\/karlamanzanilla.com\/como-el-trauma-afecta-la-relacion-con-el-cuerpo-y-la-alimentacion\/"]}]},{"@type":"ImageObject","inLanguage":"en-US","@id":"https:\/\/karlamanzanilla.com\/como-el-trauma-afecta-la-relacion-con-el-cuerpo-y-la-alimentacion\/#primaryimage","url":"https:\/\/karlamanzanilla.com\/wp-content\/uploads\/2024\/11\/4015519.jpg","contentUrl":"https:\/\/karlamanzanilla.com\/wp-content\/uploads\/2024\/11\/4015519.jpg","width":1920,"height":1920},{"@type":"BreadcrumbList","@id":"https:\/\/karlamanzanilla.com\/como-el-trauma-afecta-la-relacion-con-el-cuerpo-y-la-alimentacion\/#breadcrumb","itemListElement":[{"@type":"ListItem","position":1,"name":"Portada","item":"https:\/\/karlamanzanilla.com\/"},{"@type":"ListItem","position":2,"name":"Como el Trauma Afecta la Relaci\u00f3n con el Cuerpo y la Alimentaci\u00f3n"}]},{"@type":"WebSite","@id":"https:\/\/karlamanzanilla.com\/#website","url":"https:\/\/karlamanzanilla.com\/","name":"Karla Manzanilla","description":"Coaching de recuperaci\u00f3n de TCA","publisher":{"@id":"https:\/\/karlamanzanilla.com\/#\/schema\/person\/bfe531cd33de192499427d82ff8ee49f"},"potentialAction":[{"@type":"SearchAction","target":{"@type":"EntryPoint","urlTemplate":"https:\/\/karlamanzanilla.com\/?s={search_term_string}"},"query-input":{"@type":"PropertyValueSpecification","valueRequired":true,"valueName":"search_term_string"}}],"inLanguage":"en-US"},{"@type":["Person","Organization"],"@id":"https:\/\/karlamanzanilla.com\/#\/schema\/person\/bfe531cd33de192499427d82ff8ee49f","name":"admin","image":{"@type":"ImageObject","inLanguage":"en-US","@id":"https:\/\/karlamanzanilla.com\/wp-content\/uploads\/2024\/04\/cropped-logo-karla-1.png","url":"https:\/\/karlamanzanilla.com\/wp-content\/uploads\/2024\/04\/cropped-logo-karla-1.png","contentUrl":"https:\/\/karlamanzanilla.com\/wp-content\/uploads\/2024\/04\/cropped-logo-karla-1.png","width":1920,"height":652,"caption":"admin"},"logo":{"@id":"https:\/\/karlamanzanilla.com\/wp-content\/uploads\/2024\/04\/cropped-logo-karla-1.png"},"sameAs":["https:\/\/karlamanzanilla.com"],"url":"https:\/\/karlamanzanilla.com\/en\/author\/admin_km\/"}]}},"_links":{"self":[{"href":"https:\/\/karlamanzanilla.com\/en\/wp-json\/wp\/v2\/posts\/14620","targetHints":{"allow":["GET"]}}],"collection":[{"href":"https:\/\/karlamanzanilla.com\/en\/wp-json\/wp\/v2\/posts"}],"about":[{"href":"https:\/\/karlamanzanilla.com\/en\/wp-json\/wp\/v2\/types\/post"}],"author":[{"embeddable":true,"href":"https:\/\/karlamanzanilla.com\/en\/wp-json\/wp\/v2\/users\/1"}],"replies":[{"embeddable":true,"href":"https:\/\/karlamanzanilla.com\/en\/wp-json\/wp\/v2\/comments?post=14620"}],"version-history":[{"count":3,"href":"https:\/\/karlamanzanilla.com\/en\/wp-json\/wp\/v2\/posts\/14620\/revisions"}],"predecessor-version":[{"id":14629,"href":"https:\/\/karlamanzanilla.com\/en\/wp-json\/wp\/v2\/posts\/14620\/revisions\/14629"}],"wp:featuredmedia":[{"embeddable":true,"href":"https:\/\/karlamanzanilla.com\/en\/wp-json\/wp\/v2\/media\/14622"}],"wp:attachment":[{"href":"https:\/\/karlamanzanilla.com\/en\/wp-json\/wp\/v2\/media?parent=14620"}],"wp:term":[{"taxonomy":"category","embeddable":true,"href":"https:\/\/karlamanzanilla.com\/en\/wp-json\/wp\/v2\/categories?post=14620"},{"taxonomy":"post_tag","embeddable":true,"href":"https:\/\/karlamanzanilla.com\/en\/wp-json\/wp\/v2\/tags?post=14620"}],"curies":[{"name":"wp","href":"https:\/\/api.w.org\/{rel}","templated":true}]}}