{"id":14609,"date":"2024-10-22T19:00:37","date_gmt":"2024-10-22T19:00:37","guid":{"rendered":"https:\/\/karlamanzanilla.com\/?p=14609"},"modified":"2024-10-22T19:08:11","modified_gmt":"2024-10-22T19:08:11","slug":"te-has-dado-cuenta-de-que-a-veces-parece-que-tienes-dos-voces-en-tu-cabeza","status":"publish","type":"post","link":"https:\/\/karlamanzanilla.com\/en\/te-has-dado-cuenta-de-que-a-veces-parece-que-tienes-dos-voces-en-tu-cabeza\/","title":{"rendered":"Las dos voces de mi cabeza"},"content":{"rendered":"<p><strong>\u00bfTe has dado cuenta de que a veces parece que tienes dos voces en tu cabeza?&nbsp;<\/strong><\/p>\n\n\n\n<p>Si alguna vez has lidiado con un trastorno de la conducta alimentaria (TCA) o conoces a alguien que lo ha vivido, probablemente sepas de lo que estoy hablando. Hay una parte de ti que sabe lo que es mejor, lo que realmente te hace bien, y luego est\u00e1 esa otra voz, mucho m\u00e1s cr\u00edtica y severa, que te empuja a comportarte de formas que en el fondo no quieres.<\/p>\n\n\n\n<p>Como Coach de recuperaci\u00f3n de TCA, me he encontrado muchas veces con este tema, pero hasta hoy no hab\u00eda profundizado en ello aqu\u00ed. Me parece vital que hablemos de estas dos voces: la voz del TCA y tu voz sana.<\/p>\n\n\n\n<p><strong>\u00bfDe d\u00f3nde vienen estas voces?<\/strong><\/p>\n\n\n\n<p>Nacemos con una voz interna sana, esa parte intuitiva y conectada a nuestras necesidades. De beb\u00e9s, lloramos cuando ten\u00edamos hambre o necesit\u00e1bamos cari\u00f1o, sin dudar ni un segundo en pedir lo que requer\u00edamos para sentirnos bien. Pero conforme crecemos, comenzamos a adaptarnos a nuestro entorno, a cumplir con expectativas, a encajar. En alg\u00fan momento, quiz\u00e1s ni siquiera recuerdas cu\u00e1ndo, apareci\u00f3 esa voz desconocida, la del TCA. Esa que te dice cosas como \u00abMam\u00e1 solo te quiere porque est\u00e1s bonita\u00bb o \u00abNo deber\u00edas comer tanto si quieres que te acepten\u00bb.&nbsp;<\/p>\n\n\n\n<p>Esta voz cr\u00edtica puede haber estado ah\u00ed durante mucho tiempo, pero no fue hasta que ciertos factores externos la amplificaron que comenzaste a escucharla fuerte y clara. De repente, te encontraste con dos voces en tu cabeza, una que te quiere cuidar y otra que te juzga y exige.<\/p>\n\n\n\n<p><strong>La lucha interna<\/strong><\/p>\n\n\n\n<p>Reconocer estas dos voces es crucial en la recuperaci\u00f3n. La voz sana sigue ah\u00ed, aunque a veces te parezca que ha desaparecido. \u00bfTe suena familiar? Esa lucha constante entre querer parar ciertos comportamientos y no poder, ese agotamiento emocional que te deja sin energ\u00eda. No es raro que quienes viven esta batalla interna se sientan desgastados.<\/p>\n\n\n\n<p>A veces, para hacer m\u00e1s tangible esta dualidad, sugiero a las personas con las que trabajo que le pongan un nombre a la voz del TCA. De esta forma, se vuelve m\u00e1s f\u00e1cil separar esa voz de la voz sana y entender que no eres t\u00fa por completo, es solo una parte de ti.<\/p>\n\n\n\n<p><strong>La voz del TCA no es tu enemiga, pero&#8230;<\/strong><\/p>\n\n\n\n<p>Algo que confunde a muchas personas es pensar que la voz del TCA es un \u00abvillano\u00bb. En realidad, esa voz surgi\u00f3 en un momento para ayudarte a sobrellevar situaciones dif\u00edciles. Usa cualidades tuyas que, en otro contexto, pueden ser muy positivas. Por ejemplo, si sufres de anorexia, quiz\u00e1s eres muy orientado a metas, lo que te hace sobresalir en otras \u00e1reas de tu vida. Pero ese mismo rasgo tambi\u00e9n te mantiene atrapado en el trastorno.<\/p>\n\n\n\n<p>La clave est\u00e1 en integrar estas dos voces. No se trata de eliminarlas o hacerlas desaparecer, sino de que se unan y trabajen juntas para tu bienestar. Imag\u00ednate no tener que luchar m\u00e1s con lo que piensas o sientes. Es posible, y aunque requiere tiempo y esfuerzo, es alcanzable.<\/p>\n\n\n\n<p><strong>Identificando las voces<\/strong><\/p>\n\n\n\n<p>Si te preguntas c\u00f3mo distinguir estas voces, te sugiero que observes tus pensamientos. Te doy un ejemplo de c\u00f3mo ser\u00eda la batalla interna de una ma\u00f1ana com\u00fan:<\/p>\n\n\n\n<div class=\"wp-block-group is-vertical is-layout-flex wp-container-core-group-is-layout-8cf370e7 wp-block-group-is-layout-flex\">\n<p class=\"has-black-color has-text-color has-link-color wp-elements-85e6253739b3c0f823b2c9012ed8b123\"><strong>Voz del TCA: \u00abAp\u00farate, no puedes llegar tarde. Adem\u00e1s, \u00bfen serio vas a prepararte el lunch? Mira tu panza, ni te atrevas.\u00bb<\/strong><\/p>\n\n\n\n<p class=\"has-black-color has-text-color has-link-color wp-elements-6b1e4119d16f733dff92dabd13c940ad\"><strong>Voz sana: \u00abSi no llevo lunch, me morir\u00e9 de hambre y terminar\u00e9 comiendo cualquier cosa.\u00bb<\/strong><\/p>\n\n\n\n<p class=\"has-black-color has-text-color has-link-color wp-elements-1c104c67e0f5a55f2f80f9ea57102fe1\"><strong>Voz del TCA: \u00abEst\u00e1 bien sentir hambre, \u00bfno escuchaste que ayunar es lo que todos hacen?\u00bb<\/strong><\/p>\n\n\n\n<p>\u00bfTe suena conocido? Intenta escribir tus di\u00e1logos internos, separa esas voces y comienza a identificar cu\u00e1l pertenece a cada una.<\/p>\n<\/div>\n\n\n\n<p>\u00bf<strong>C\u00f3mo retar al TCA<\/strong>?<\/p>\n\n\n\n<p>Aqu\u00ed tienes algunas ideas para empezar a retar a esa voz del TCA. Recuerda que no es cuesti\u00f3n de pelear, sino de dialogar y encontrar argumentos m\u00e1s sanos:<\/p>\n\n\n\n<p>Voz del TCA: \u00abQu\u00e9 incre\u00edble que hoy solo com\u00ed ensalada. Me siento tan ligera.\u00bb<\/p>\n\n\n\n<p>Voz sana: \u00abNegarte lo que tu cuerpo necesita no es autocuidado, es negligencia. Comer es parte de mantenerte fuerte.\u00bb<\/p>\n\n\n\n<p>Otras frases que puedes usar para fortalecer tu voz sana:<\/p>\n\n\n\n<ul class=\"wp-block-list\">\n<li><strong>\u00abSi hoy como un poco de m\u00e1s, ma\u00f1ana ajustar\u00e9 mi alimentaci\u00f3n sin estr\u00e9s.\u00bb<\/strong><\/li>\n<\/ul>\n\n\n\n<ul class=\"wp-block-list\">\n<li> <strong>\u00abRestringir comida ahora solo me llevar\u00e1 a comer compulsivamente despu\u00e9s.\u00bb<\/strong><\/li>\n<\/ul>\n\n\n\n<ul class=\"wp-block-list\">\n<li>\u00ab<strong>El balance es la clave, no los extremos.\u00bb<\/strong><\/li>\n<\/ul>\n\n\n\n<p><strong>El camino hacia la recuperaci\u00f3n<\/strong><\/p>\n\n\n\n<p>Reconocer estas dos voces es el primer paso, pero el objetivo final es que dejen de estar en conflicto. Con el tiempo y la pr\u00e1ctica, tu voz sana ir\u00e1 ganando terreno, tomando fuerza y apropi\u00e1ndose de las cualidades que antes alimentaban al TCA.&nbsp;<\/p>\n\n\n\n<p>La recuperaci\u00f3n es posible, aunque ahora lo dudes. Y no est\u00e1s solo en este camino. Si necesitas apoyo, aqu\u00ed estoy para acompa\u00f1arte. Si quieres escuchar m\u00e1s acerca del tema te invito a que veas el podcast en youtube, aqu\u00ed te dejo la liga <a href=\"https:\/\/youtu.be\/MUZxlxlfkKc\">https:\/\/youtu.be\/MUZxlxlfkKc<\/a>.<\/p>\n\n\n\n<p>Te abrazo, y no olvides dejarme tus comentarios. <\/p>\n\n\n\n<p>Karla Manzanilla<\/p>\n\n\n\n<p class=\"has-text-align-right\"><em>Sergio Manzanilla. <\/em> <em>Editor de estilo. <\/em><\/p>\n\n\n\n<p><\/p>","protected":false},"excerpt":{"rendered":"<p>\u00bfTe has dado cuenta de que a veces parece que&hellip;<\/p>\n<p> <a class=\"more-link\" href=\"https:\/\/karlamanzanilla.com\/en\/te-has-dado-cuenta-de-que-a-veces-parece-que-tienes-dos-voces-en-tu-cabeza\/\">Read more<\/a><\/p>","protected":false},"author":1,"featured_media":14610,"comment_status":"open","ping_status":"closed","sticky":false,"template":"","format":"standard","meta":{"footnotes":""},"categories":[1],"tags":[],"class_list":{"0":"post-14609","1":"post","2":"type-post","3":"status-publish","4":"format-standard","5":"has-post-thumbnail","7":"category-tca"},"yoast_head":"<!-- This site is optimized with the Yoast SEO plugin v27.3 - https:\/\/yoast.com\/product\/yoast-seo-wordpress\/ -->\n<title>Las dos voces de mi cabeza - Karla Manzanilla<\/title>\n<meta name=\"description\" content=\"La voz del TCA y la voz sana pueden existir y ayudarte a sanar. Lee el blog y sigue la liga para ver el video.\" \/>\n<meta name=\"robots\" content=\"index, follow, max-snippet:-1, max-image-preview:large, max-video-preview:-1\" \/>\n<link rel=\"canonical\" href=\"https:\/\/karlamanzanilla.com\/en\/te-has-dado-cuenta-de-que-a-veces-parece-que-tienes-dos-voces-en-tu-cabeza\/\" \/>\n<meta property=\"og:locale\" content=\"en_US\" \/>\n<meta property=\"og:type\" content=\"article\" \/>\n<meta property=\"og:title\" content=\"Las dos voces de mi cabeza - Karla Manzanilla\" \/>\n<meta property=\"og:description\" content=\"La voz del TCA y la voz sana pueden existir y ayudarte a sanar. Lee el blog y sigue la liga para ver el video.\" \/>\n<meta property=\"og:url\" content=\"https:\/\/karlamanzanilla.com\/en\/te-has-dado-cuenta-de-que-a-veces-parece-que-tienes-dos-voces-en-tu-cabeza\/\" \/>\n<meta property=\"og:site_name\" content=\"Karla Manzanilla\" \/>\n<meta property=\"article:published_time\" content=\"2024-10-22T19:00:37+00:00\" \/>\n<meta property=\"article:modified_time\" content=\"2024-10-22T19:08:11+00:00\" \/>\n<meta property=\"og:image\" content=\"https:\/\/karlamanzanilla.com\/wp-content\/uploads\/2024\/10\/portrait-person-with-different-personalities.jpg\" \/>\n\t<meta property=\"og:image:width\" content=\"1920\" \/>\n\t<meta property=\"og:image:height\" content=\"1280\" \/>\n\t<meta property=\"og:image:type\" content=\"image\/jpeg\" \/>\n<meta name=\"author\" content=\"admin\" \/>\n<meta name=\"twitter:card\" content=\"summary_large_image\" \/>\n<meta name=\"twitter:label1\" content=\"Written by\" \/>\n\t<meta name=\"twitter:data1\" content=\"admin\" \/>\n\t<meta name=\"twitter:label2\" content=\"Est. reading time\" \/>\n\t<meta name=\"twitter:data2\" content=\"5 minutes\" \/>\n<script type=\"application\/ld+json\" class=\"yoast-schema-graph\">{\"@context\":\"https:\\\/\\\/schema.org\",\"@graph\":[{\"@type\":\"Article\",\"@id\":\"https:\\\/\\\/karlamanzanilla.com\\\/te-has-dado-cuenta-de-que-a-veces-parece-que-tienes-dos-voces-en-tu-cabeza\\\/#article\",\"isPartOf\":{\"@id\":\"https:\\\/\\\/karlamanzanilla.com\\\/te-has-dado-cuenta-de-que-a-veces-parece-que-tienes-dos-voces-en-tu-cabeza\\\/\"},\"author\":{\"name\":\"admin\",\"@id\":\"https:\\\/\\\/karlamanzanilla.com\\\/#\\\/schema\\\/person\\\/bfe531cd33de192499427d82ff8ee49f\"},\"headline\":\"Las dos voces de mi cabeza\",\"datePublished\":\"2024-10-22T19:00:37+00:00\",\"dateModified\":\"2024-10-22T19:08:11+00:00\",\"mainEntityOfPage\":{\"@id\":\"https:\\\/\\\/karlamanzanilla.com\\\/te-has-dado-cuenta-de-que-a-veces-parece-que-tienes-dos-voces-en-tu-cabeza\\\/\"},\"wordCount\":893,\"commentCount\":0,\"publisher\":{\"@id\":\"https:\\\/\\\/karlamanzanilla.com\\\/#\\\/schema\\\/person\\\/bfe531cd33de192499427d82ff8ee49f\"},\"image\":{\"@id\":\"https:\\\/\\\/karlamanzanilla.com\\\/te-has-dado-cuenta-de-que-a-veces-parece-que-tienes-dos-voces-en-tu-cabeza\\\/#primaryimage\"},\"thumbnailUrl\":\"https:\\\/\\\/karlamanzanilla.com\\\/wp-content\\\/uploads\\\/2024\\\/10\\\/portrait-person-with-different-personalities.jpg\",\"articleSection\":[\"TCA\"],\"inLanguage\":\"en-US\",\"potentialAction\":[{\"@type\":\"CommentAction\",\"name\":\"Comment\",\"target\":[\"https:\\\/\\\/karlamanzanilla.com\\\/te-has-dado-cuenta-de-que-a-veces-parece-que-tienes-dos-voces-en-tu-cabeza\\\/#respond\"]}]},{\"@type\":\"WebPage\",\"@id\":\"https:\\\/\\\/karlamanzanilla.com\\\/te-has-dado-cuenta-de-que-a-veces-parece-que-tienes-dos-voces-en-tu-cabeza\\\/\",\"url\":\"https:\\\/\\\/karlamanzanilla.com\\\/te-has-dado-cuenta-de-que-a-veces-parece-que-tienes-dos-voces-en-tu-cabeza\\\/\",\"name\":\"Las dos voces de mi cabeza - Karla Manzanilla\",\"isPartOf\":{\"@id\":\"https:\\\/\\\/karlamanzanilla.com\\\/#website\"},\"primaryImageOfPage\":{\"@id\":\"https:\\\/\\\/karlamanzanilla.com\\\/te-has-dado-cuenta-de-que-a-veces-parece-que-tienes-dos-voces-en-tu-cabeza\\\/#primaryimage\"},\"image\":{\"@id\":\"https:\\\/\\\/karlamanzanilla.com\\\/te-has-dado-cuenta-de-que-a-veces-parece-que-tienes-dos-voces-en-tu-cabeza\\\/#primaryimage\"},\"thumbnailUrl\":\"https:\\\/\\\/karlamanzanilla.com\\\/wp-content\\\/uploads\\\/2024\\\/10\\\/portrait-person-with-different-personalities.jpg\",\"datePublished\":\"2024-10-22T19:00:37+00:00\",\"dateModified\":\"2024-10-22T19:08:11+00:00\",\"description\":\"La voz del TCA y la voz sana pueden existir y ayudarte a sanar. Lee el blog y sigue la liga para ver el video.\",\"breadcrumb\":{\"@id\":\"https:\\\/\\\/karlamanzanilla.com\\\/te-has-dado-cuenta-de-que-a-veces-parece-que-tienes-dos-voces-en-tu-cabeza\\\/#breadcrumb\"},\"inLanguage\":\"en-US\",\"potentialAction\":[{\"@type\":\"ReadAction\",\"target\":[\"https:\\\/\\\/karlamanzanilla.com\\\/te-has-dado-cuenta-de-que-a-veces-parece-que-tienes-dos-voces-en-tu-cabeza\\\/\"]}]},{\"@type\":\"ImageObject\",\"inLanguage\":\"en-US\",\"@id\":\"https:\\\/\\\/karlamanzanilla.com\\\/te-has-dado-cuenta-de-que-a-veces-parece-que-tienes-dos-voces-en-tu-cabeza\\\/#primaryimage\",\"url\":\"https:\\\/\\\/karlamanzanilla.com\\\/wp-content\\\/uploads\\\/2024\\\/10\\\/portrait-person-with-different-personalities.jpg\",\"contentUrl\":\"https:\\\/\\\/karlamanzanilla.com\\\/wp-content\\\/uploads\\\/2024\\\/10\\\/portrait-person-with-different-personalities.jpg\",\"width\":1920,\"height\":1280,\"caption\":\"Las dos voces en mi cabeza\"},{\"@type\":\"BreadcrumbList\",\"@id\":\"https:\\\/\\\/karlamanzanilla.com\\\/te-has-dado-cuenta-de-que-a-veces-parece-que-tienes-dos-voces-en-tu-cabeza\\\/#breadcrumb\",\"itemListElement\":[{\"@type\":\"ListItem\",\"position\":1,\"name\":\"Portada\",\"item\":\"https:\\\/\\\/karlamanzanilla.com\\\/\"},{\"@type\":\"ListItem\",\"position\":2,\"name\":\"Las dos voces de mi cabeza\"}]},{\"@type\":\"WebSite\",\"@id\":\"https:\\\/\\\/karlamanzanilla.com\\\/#website\",\"url\":\"https:\\\/\\\/karlamanzanilla.com\\\/\",\"name\":\"Karla Manzanilla\",\"description\":\"Coaching de recuperaci\u00f3n de TCA\",\"publisher\":{\"@id\":\"https:\\\/\\\/karlamanzanilla.com\\\/#\\\/schema\\\/person\\\/bfe531cd33de192499427d82ff8ee49f\"},\"potentialAction\":[{\"@type\":\"SearchAction\",\"target\":{\"@type\":\"EntryPoint\",\"urlTemplate\":\"https:\\\/\\\/karlamanzanilla.com\\\/?s={search_term_string}\"},\"query-input\":{\"@type\":\"PropertyValueSpecification\",\"valueRequired\":true,\"valueName\":\"search_term_string\"}}],\"inLanguage\":\"en-US\"},{\"@type\":[\"Person\",\"Organization\"],\"@id\":\"https:\\\/\\\/karlamanzanilla.com\\\/#\\\/schema\\\/person\\\/bfe531cd33de192499427d82ff8ee49f\",\"name\":\"admin\",\"image\":{\"@type\":\"ImageObject\",\"inLanguage\":\"en-US\",\"@id\":\"https:\\\/\\\/karlamanzanilla.com\\\/wp-content\\\/uploads\\\/2024\\\/04\\\/cropped-logo-karla-1.png\",\"url\":\"https:\\\/\\\/karlamanzanilla.com\\\/wp-content\\\/uploads\\\/2024\\\/04\\\/cropped-logo-karla-1.png\",\"contentUrl\":\"https:\\\/\\\/karlamanzanilla.com\\\/wp-content\\\/uploads\\\/2024\\\/04\\\/cropped-logo-karla-1.png\",\"width\":1920,\"height\":652,\"caption\":\"admin\"},\"logo\":{\"@id\":\"https:\\\/\\\/karlamanzanilla.com\\\/wp-content\\\/uploads\\\/2024\\\/04\\\/cropped-logo-karla-1.png\"},\"sameAs\":[\"https:\\\/\\\/karlamanzanilla.com\"],\"url\":\"https:\\\/\\\/karlamanzanilla.com\\\/en\\\/author\\\/admin_km\\\/\"}]}<\/script>\n<!-- \/ Yoast SEO plugin. -->","yoast_head_json":{"title":"Las dos voces de mi cabeza - Karla Manzanilla","description":"La voz del TCA y la voz sana pueden existir y ayudarte a sanar. Lee el blog y sigue la liga para ver el video.","robots":{"index":"index","follow":"follow","max-snippet":"max-snippet:-1","max-image-preview":"max-image-preview:large","max-video-preview":"max-video-preview:-1"},"canonical":"https:\/\/karlamanzanilla.com\/en\/te-has-dado-cuenta-de-que-a-veces-parece-que-tienes-dos-voces-en-tu-cabeza\/","og_locale":"en_US","og_type":"article","og_title":"Las dos voces de mi cabeza - Karla Manzanilla","og_description":"La voz del TCA y la voz sana pueden existir y ayudarte a sanar. Lee el blog y sigue la liga para ver el video.","og_url":"https:\/\/karlamanzanilla.com\/en\/te-has-dado-cuenta-de-que-a-veces-parece-que-tienes-dos-voces-en-tu-cabeza\/","og_site_name":"Karla Manzanilla","article_published_time":"2024-10-22T19:00:37+00:00","article_modified_time":"2024-10-22T19:08:11+00:00","og_image":[{"width":1920,"height":1280,"url":"https:\/\/karlamanzanilla.com\/wp-content\/uploads\/2024\/10\/portrait-person-with-different-personalities.jpg","type":"image\/jpeg"}],"author":"admin","twitter_card":"summary_large_image","twitter_misc":{"Written by":"admin","Est. reading time":"5 minutes"},"schema":{"@context":"https:\/\/schema.org","@graph":[{"@type":"Article","@id":"https:\/\/karlamanzanilla.com\/te-has-dado-cuenta-de-que-a-veces-parece-que-tienes-dos-voces-en-tu-cabeza\/#article","isPartOf":{"@id":"https:\/\/karlamanzanilla.com\/te-has-dado-cuenta-de-que-a-veces-parece-que-tienes-dos-voces-en-tu-cabeza\/"},"author":{"name":"admin","@id":"https:\/\/karlamanzanilla.com\/#\/schema\/person\/bfe531cd33de192499427d82ff8ee49f"},"headline":"Las dos voces de mi cabeza","datePublished":"2024-10-22T19:00:37+00:00","dateModified":"2024-10-22T19:08:11+00:00","mainEntityOfPage":{"@id":"https:\/\/karlamanzanilla.com\/te-has-dado-cuenta-de-que-a-veces-parece-que-tienes-dos-voces-en-tu-cabeza\/"},"wordCount":893,"commentCount":0,"publisher":{"@id":"https:\/\/karlamanzanilla.com\/#\/schema\/person\/bfe531cd33de192499427d82ff8ee49f"},"image":{"@id":"https:\/\/karlamanzanilla.com\/te-has-dado-cuenta-de-que-a-veces-parece-que-tienes-dos-voces-en-tu-cabeza\/#primaryimage"},"thumbnailUrl":"https:\/\/karlamanzanilla.com\/wp-content\/uploads\/2024\/10\/portrait-person-with-different-personalities.jpg","articleSection":["TCA"],"inLanguage":"en-US","potentialAction":[{"@type":"CommentAction","name":"Comment","target":["https:\/\/karlamanzanilla.com\/te-has-dado-cuenta-de-que-a-veces-parece-que-tienes-dos-voces-en-tu-cabeza\/#respond"]}]},{"@type":"WebPage","@id":"https:\/\/karlamanzanilla.com\/te-has-dado-cuenta-de-que-a-veces-parece-que-tienes-dos-voces-en-tu-cabeza\/","url":"https:\/\/karlamanzanilla.com\/te-has-dado-cuenta-de-que-a-veces-parece-que-tienes-dos-voces-en-tu-cabeza\/","name":"Las dos voces de mi cabeza - Karla Manzanilla","isPartOf":{"@id":"https:\/\/karlamanzanilla.com\/#website"},"primaryImageOfPage":{"@id":"https:\/\/karlamanzanilla.com\/te-has-dado-cuenta-de-que-a-veces-parece-que-tienes-dos-voces-en-tu-cabeza\/#primaryimage"},"image":{"@id":"https:\/\/karlamanzanilla.com\/te-has-dado-cuenta-de-que-a-veces-parece-que-tienes-dos-voces-en-tu-cabeza\/#primaryimage"},"thumbnailUrl":"https:\/\/karlamanzanilla.com\/wp-content\/uploads\/2024\/10\/portrait-person-with-different-personalities.jpg","datePublished":"2024-10-22T19:00:37+00:00","dateModified":"2024-10-22T19:08:11+00:00","description":"La voz del TCA y la voz sana pueden existir y ayudarte a sanar. Lee el blog y sigue la liga para ver el video.","breadcrumb":{"@id":"https:\/\/karlamanzanilla.com\/te-has-dado-cuenta-de-que-a-veces-parece-que-tienes-dos-voces-en-tu-cabeza\/#breadcrumb"},"inLanguage":"en-US","potentialAction":[{"@type":"ReadAction","target":["https:\/\/karlamanzanilla.com\/te-has-dado-cuenta-de-que-a-veces-parece-que-tienes-dos-voces-en-tu-cabeza\/"]}]},{"@type":"ImageObject","inLanguage":"en-US","@id":"https:\/\/karlamanzanilla.com\/te-has-dado-cuenta-de-que-a-veces-parece-que-tienes-dos-voces-en-tu-cabeza\/#primaryimage","url":"https:\/\/karlamanzanilla.com\/wp-content\/uploads\/2024\/10\/portrait-person-with-different-personalities.jpg","contentUrl":"https:\/\/karlamanzanilla.com\/wp-content\/uploads\/2024\/10\/portrait-person-with-different-personalities.jpg","width":1920,"height":1280,"caption":"Las dos voces en mi cabeza"},{"@type":"BreadcrumbList","@id":"https:\/\/karlamanzanilla.com\/te-has-dado-cuenta-de-que-a-veces-parece-que-tienes-dos-voces-en-tu-cabeza\/#breadcrumb","itemListElement":[{"@type":"ListItem","position":1,"name":"Portada","item":"https:\/\/karlamanzanilla.com\/"},{"@type":"ListItem","position":2,"name":"Las dos voces de mi cabeza"}]},{"@type":"WebSite","@id":"https:\/\/karlamanzanilla.com\/#website","url":"https:\/\/karlamanzanilla.com\/","name":"Karla Manzanilla","description":"Coaching de recuperaci\u00f3n de TCA","publisher":{"@id":"https:\/\/karlamanzanilla.com\/#\/schema\/person\/bfe531cd33de192499427d82ff8ee49f"},"potentialAction":[{"@type":"SearchAction","target":{"@type":"EntryPoint","urlTemplate":"https:\/\/karlamanzanilla.com\/?s={search_term_string}"},"query-input":{"@type":"PropertyValueSpecification","valueRequired":true,"valueName":"search_term_string"}}],"inLanguage":"en-US"},{"@type":["Person","Organization"],"@id":"https:\/\/karlamanzanilla.com\/#\/schema\/person\/bfe531cd33de192499427d82ff8ee49f","name":"admin","image":{"@type":"ImageObject","inLanguage":"en-US","@id":"https:\/\/karlamanzanilla.com\/wp-content\/uploads\/2024\/04\/cropped-logo-karla-1.png","url":"https:\/\/karlamanzanilla.com\/wp-content\/uploads\/2024\/04\/cropped-logo-karla-1.png","contentUrl":"https:\/\/karlamanzanilla.com\/wp-content\/uploads\/2024\/04\/cropped-logo-karla-1.png","width":1920,"height":652,"caption":"admin"},"logo":{"@id":"https:\/\/karlamanzanilla.com\/wp-content\/uploads\/2024\/04\/cropped-logo-karla-1.png"},"sameAs":["https:\/\/karlamanzanilla.com"],"url":"https:\/\/karlamanzanilla.com\/en\/author\/admin_km\/"}]}},"_links":{"self":[{"href":"https:\/\/karlamanzanilla.com\/en\/wp-json\/wp\/v2\/posts\/14609","targetHints":{"allow":["GET"]}}],"collection":[{"href":"https:\/\/karlamanzanilla.com\/en\/wp-json\/wp\/v2\/posts"}],"about":[{"href":"https:\/\/karlamanzanilla.com\/en\/wp-json\/wp\/v2\/types\/post"}],"author":[{"embeddable":true,"href":"https:\/\/karlamanzanilla.com\/en\/wp-json\/wp\/v2\/users\/1"}],"replies":[{"embeddable":true,"href":"https:\/\/karlamanzanilla.com\/en\/wp-json\/wp\/v2\/comments?post=14609"}],"version-history":[{"count":2,"href":"https:\/\/karlamanzanilla.com\/en\/wp-json\/wp\/v2\/posts\/14609\/revisions"}],"predecessor-version":[{"id":14613,"href":"https:\/\/karlamanzanilla.com\/en\/wp-json\/wp\/v2\/posts\/14609\/revisions\/14613"}],"wp:featuredmedia":[{"embeddable":true,"href":"https:\/\/karlamanzanilla.com\/en\/wp-json\/wp\/v2\/media\/14610"}],"wp:attachment":[{"href":"https:\/\/karlamanzanilla.com\/en\/wp-json\/wp\/v2\/media?parent=14609"}],"wp:term":[{"taxonomy":"category","embeddable":true,"href":"https:\/\/karlamanzanilla.com\/en\/wp-json\/wp\/v2\/categories?post=14609"},{"taxonomy":"post_tag","embeddable":true,"href":"https:\/\/karlamanzanilla.com\/en\/wp-json\/wp\/v2\/tags?post=14609"}],"curies":[{"name":"wp","href":"https:\/\/api.w.org\/{rel}","templated":true}]}}